{"id":3734,"date":"2026-02-14T05:44:28","date_gmt":"2026-02-14T10:44:28","guid":{"rendered":"http:\/\/iesevilla.edu.co\/sitio\/?p=3734"},"modified":"2026-03-13T06:03:27","modified_gmt":"2026-03-13T11:03:27","slug":"audiencia-publica-rendicion-de-cuentas-ano-2025","status":"publish","type":"post","link":"http:\/\/iesevilla.edu.co\/sitio\/audiencia-publica-rendicion-de-cuentas-ano-2025\/","title":{"rendered":"AUDIENCIA P\u00daBLICA RENDICI\u00d3N DE CUENTAS A\u00d1O 2025"},"content":{"rendered":"<p>Se celcebr\u00f3 en el Auditorio Alicia Cifuentes de la sede Liceo Mixto, el pasado jueves 12 de febrero, la rendici\u00f3n de cuentas a\u00f1o lectivo 2025 por tparte del Rector Especialista Noremberg Calder\u00f3n Vivi.<\/p>\n<p>Compartimos en el sitio la presentaci\u00f3n del informe.<\/p>\n<p><a href=\"http:\/\/iesevilla.edu.co\/sitio\/wp-content\/uploads\/2026\/02\/AUDIENCIA-PUBLICA-RENDICION-DE-CUENTAS-FEBRERO-2026.pptx\">AUDIENCIA P\u00daBLICA RENDICION DE CUENTAS &#8211; FEBRERO 2026<\/a><\/p>\n","protected":false},"excerpt":{"rendered":"<p>Se celcebr\u00f3 en el Auditorio Alicia Cifuentes de la sede Liceo Mixto, el pasado jueves 12 de febrero, la rendici\u00f3n de cuentas a\u00f1o lectivo 2025 por tparte del Rector Especialista Noremberg Calder\u00f3n Vivi. Compartimos en el sitio la presentaci\u00f3n del informe. AUDIENCIA P\u00daBLICA RENDICION DE&nbsp;<a href=\"http:\/\/iesevilla.edu.co\/sitio\/audiencia-publica-rendicion-de-cuentas-ano-2025\/\">&hellip;<\/a><\/p>\n","protected":false},"author":2,"featured_media":3728,"comment_status":"open","ping_status":"open","sticky":false,"template":"","format":"standard","meta":{"footnotes":""},"categories":[4,125],"tags":[],"class_list":["post-3734","post","type-post","status-publish","format-standard","has-post-thumbnail","hentry","category-contratacion","category-institucion","odd"],"_links":{"self":[{"href":"http:\/\/iesevilla.edu.co\/sitio\/wp-json\/wp\/v2\/posts\/3734","targetHints":{"allow":["GET"]}}],"collection":[{"href":"http:\/\/iesevilla.edu.co\/sitio\/wp-json\/wp\/v2\/posts"}],"about":[{"href":"http:\/\/iesevilla.edu.co\/sitio\/wp-json\/wp\/v2\/types\/post"}],"author":[{"embeddable":true,"href":"http:\/\/iesevilla.edu.co\/sitio\/wp-json\/wp\/v2\/users\/2"}],"replies":[{"embeddable":true,"href":"http:\/\/iesevilla.edu.co\/sitio\/wp-json\/wp\/v2\/comments?post=3734"}],"version-history":[{"count":3,"href":"http:\/\/iesevilla.edu.co\/sitio\/wp-json\/wp\/v2\/posts\/3734\/revisions"}],"predecessor-version":[{"id":3741,"href":"http:\/\/iesevilla.edu.co\/sitio\/wp-json\/wp\/v2\/posts\/3734\/revisions\/3741"}],"wp:featuredmedia":[{"embeddable":true,"href":"http:\/\/iesevilla.edu.co\/sitio\/wp-json\/wp\/v2\/media\/3728"}],"wp:attachment":[{"href":"http:\/\/iesevilla.edu.co\/sitio\/wp-json\/wp\/v2\/media?parent=3734"}],"wp:term":[{"taxonomy":"category","embeddable":true,"href":"http:\/\/iesevilla.edu.co\/sitio\/wp-json\/wp\/v2\/categories?post=3734"},{"taxonomy":"post_tag","embeddable":true,"href":"http:\/\/iesevilla.edu.co\/sitio\/wp-json\/wp\/v2\/tags?post=3734"}],"curies":[{"name":"wp","href":"https:\/\/api.w.org\/{rel}","templated":true}]}}