{"id":3460,"date":"2023-06-09T11:47:26","date_gmt":"2023-06-09T16:47:26","guid":{"rendered":"http:\/\/iesevilla.edu.co\/sitio\/?p=3460"},"modified":"2023-06-09T11:47:26","modified_gmt":"2023-06-09T16:47:26","slug":"la-educacion-abraza-la-paz","status":"publish","type":"post","link":"http:\/\/iesevilla.edu.co\/sitio\/la-educacion-abraza-la-paz\/","title":{"rendered":"LA EDUCACI\u00d3N ABRAZA LA PAZ"},"content":{"rendered":"<p>Todos los establecimientos educativos participaron en la jornada \u201cLa educaci\u00f3n abraza la verdad\u201d que se realiza este viernes 9 de junio. De forma simult\u00e1nea colegios, escuelas y centros educativos dedicar\u00e1n todo este d\u00eda a realizar actividades pedag\u00f3gicas sobre la importancia de la verdad y el legado de la Comisi\u00f3n de la Verdad.<br \/>\nEsta jornada fue planeada por m\u00e1s de 40 organizaciones de la sociedad civil, universidades, Secretar\u00edas de Educaci\u00f3n y el Ministerio de Educaci\u00f3n que buscan mantener y difundir el informe final de la Comisi\u00f3n de la Verdad, sus recomendaciones y dem\u00e1s productos que componen el legado de esta instituci\u00f3n.<br \/>\nLa I. E. Sevilla abraza la verdad.<\/p>\n<p style=\"text-align: center;\"><a href=\"http:\/\/iesevilla.edu.co\/sitio\/wp-content\/uploads\/2023\/06\/IMG-20230607-WA0009.jpg\"><img loading=\"lazy\" decoding=\"async\" class=\"aligncenter size-large wp-image-3461\" src=\"http:\/\/iesevilla.edu.co\/sitio\/wp-content\/uploads\/2023\/06\/IMG-20230607-WA0009-652x1024.jpg\" alt=\"\" width=\"652\" height=\"1024\" srcset=\"http:\/\/iesevilla.edu.co\/sitio\/wp-content\/uploads\/2023\/06\/IMG-20230607-WA0009-652x1024.jpg 652w, http:\/\/iesevilla.edu.co\/sitio\/wp-content\/uploads\/2023\/06\/IMG-20230607-WA0009-191x300.jpg 191w, http:\/\/iesevilla.edu.co\/sitio\/wp-content\/uploads\/2023\/06\/IMG-20230607-WA0009-95x150.jpg 95w, http:\/\/iesevilla.edu.co\/sitio\/wp-content\/uploads\/2023\/06\/IMG-20230607-WA0009.jpg 1018w\" sizes=\"auto, (max-width: 652px) 100vw, 652px\" \/><\/a><a href=\"http:\/\/iesevilla.edu.co\/sitio\/wp-content\/uploads\/2023\/06\/IMG_20230609_113746-scaled.jpg\"><img loading=\"lazy\" decoding=\"async\" class=\"aligncenter size-large wp-image-3462\" src=\"http:\/\/iesevilla.edu.co\/sitio\/wp-content\/uploads\/2023\/06\/IMG_20230609_113746-scaled-1024x751.jpg\" alt=\"\" width=\"1024\" height=\"751\" srcset=\"http:\/\/iesevilla.edu.co\/sitio\/wp-content\/uploads\/2023\/06\/IMG_20230609_113746-scaled-1024x751.jpg 1024w, http:\/\/iesevilla.edu.co\/sitio\/wp-content\/uploads\/2023\/06\/IMG_20230609_113746-scaled-300x220.jpg 300w\" sizes=\"auto, (max-width: 1024px) 100vw, 1024px\" \/><\/a> <a href=\"http:\/\/iesevilla.edu.co\/sitio\/wp-content\/uploads\/2023\/06\/IMG_20230609_113830-scaled.jpg\"><img loading=\"lazy\" decoding=\"async\" class=\"aligncenter size-large wp-image-3463\" src=\"http:\/\/iesevilla.edu.co\/sitio\/wp-content\/uploads\/2023\/06\/IMG_20230609_113830-scaled-777x1024.jpg\" alt=\"\" width=\"777\" height=\"1024\" srcset=\"http:\/\/iesevilla.edu.co\/sitio\/wp-content\/uploads\/2023\/06\/IMG_20230609_113830-scaled-777x1024.jpg 777w, http:\/\/iesevilla.edu.co\/sitio\/wp-content\/uploads\/2023\/06\/IMG_20230609_113830-scaled-228x300.jpg 228w, http:\/\/iesevilla.edu.co\/sitio\/wp-content\/uploads\/2023\/06\/IMG_20230609_113830-scaled.jpg 1942w\" sizes=\"auto, (max-width: 777px) 100vw, 777px\" \/><\/a> <a href=\"http:\/\/iesevilla.edu.co\/sitio\/wp-content\/uploads\/2023\/06\/IMG_20230609_113847-scaled.jpg\"><img loading=\"lazy\" decoding=\"async\" class=\"aligncenter size-large wp-image-3464\" src=\"http:\/\/iesevilla.edu.co\/sitio\/wp-content\/uploads\/2023\/06\/IMG_20230609_113847-scaled-1024x1024.jpg\" alt=\"\" width=\"1024\" height=\"1024\" srcset=\"http:\/\/iesevilla.edu.co\/sitio\/wp-content\/uploads\/2023\/06\/IMG_20230609_113847-scaled-1024x1024.jpg 1024w, http:\/\/iesevilla.edu.co\/sitio\/wp-content\/uploads\/2023\/06\/IMG_20230609_113847-scaled-150x150.jpg 150w, http:\/\/iesevilla.edu.co\/sitio\/wp-content\/uploads\/2023\/06\/IMG_20230609_113847-scaled-300x300.jpg 300w\" sizes=\"auto, (max-width: 1024px) 100vw, 1024px\" \/><\/a><\/p>\n","protected":false},"excerpt":{"rendered":"<p>Todos los establecimientos educativos participaron en la jornada \u201cLa educaci\u00f3n abraza la verdad\u201d que se realiza este viernes 9 de junio. De forma simult\u00e1nea colegios, escuelas y centros educativos dedicar\u00e1n todo este d\u00eda a realizar actividades pedag\u00f3gicas sobre la importancia de la verdad y el&nbsp;<a href=\"http:\/\/iesevilla.edu.co\/sitio\/la-educacion-abraza-la-paz\/\">&hellip;<\/a><\/p>\n","protected":false},"author":2,"featured_media":3461,"comment_status":"open","ping_status":"open","sticky":false,"template":"","format":"standard","meta":{"footnotes":""},"categories":[124,9,125],"tags":[110,29],"class_list":["post-3460","post","type-post","status-publish","format-standard","has-post-thumbnail","hentry","category-estudiantes","category-eventos","category-institucion","tag-iesevilla","tag-liceo-mixto","odd"],"_links":{"self":[{"href":"http:\/\/iesevilla.edu.co\/sitio\/wp-json\/wp\/v2\/posts\/3460","targetHints":{"allow":["GET"]}}],"collection":[{"href":"http:\/\/iesevilla.edu.co\/sitio\/wp-json\/wp\/v2\/posts"}],"about":[{"href":"http:\/\/iesevilla.edu.co\/sitio\/wp-json\/wp\/v2\/types\/post"}],"author":[{"embeddable":true,"href":"http:\/\/iesevilla.edu.co\/sitio\/wp-json\/wp\/v2\/users\/2"}],"replies":[{"embeddable":true,"href":"http:\/\/iesevilla.edu.co\/sitio\/wp-json\/wp\/v2\/comments?post=3460"}],"version-history":[{"count":1,"href":"http:\/\/iesevilla.edu.co\/sitio\/wp-json\/wp\/v2\/posts\/3460\/revisions"}],"predecessor-version":[{"id":3465,"href":"http:\/\/iesevilla.edu.co\/sitio\/wp-json\/wp\/v2\/posts\/3460\/revisions\/3465"}],"wp:featuredmedia":[{"embeddable":true,"href":"http:\/\/iesevilla.edu.co\/sitio\/wp-json\/wp\/v2\/media\/3461"}],"wp:attachment":[{"href":"http:\/\/iesevilla.edu.co\/sitio\/wp-json\/wp\/v2\/media?parent=3460"}],"wp:term":[{"taxonomy":"category","embeddable":true,"href":"http:\/\/iesevilla.edu.co\/sitio\/wp-json\/wp\/v2\/categories?post=3460"},{"taxonomy":"post_tag","embeddable":true,"href":"http:\/\/iesevilla.edu.co\/sitio\/wp-json\/wp\/v2\/tags?post=3460"}],"curies":[{"name":"wp","href":"https:\/\/api.w.org\/{rel}","templated":true}]}}