{"id":2425,"date":"2020-08-12T19:31:00","date_gmt":"2020-08-13T00:31:00","guid":{"rendered":"http:\/\/iesevilla.edu.co\/sitio\/?p=2425"},"modified":"2021-03-14T11:55:05","modified_gmt":"2021-03-14T16:55:05","slug":"resolucion-rectoral-n-080-033-61-19-del-12-de-agosto-de-2020","status":"publish","type":"post","link":"http:\/\/iesevilla.edu.co\/sitio\/resolucion-rectoral-n-080-033-61-19-del-12-de-agosto-de-2020\/","title":{"rendered":"RESOLUCI\u00d3N RECTORAL N\u00b0 080\/033-61-19 (Del 12 de agosto de 2020)"},"content":{"rendered":"\n<p>Por medio de la cual se establecen directrices, criterios, procedimientos y cronograma para desarrollar el proceso de matr\u00edcula de estudiantes de grado <strong>Ciclo V<\/strong> que aprueban para el grado <strong>Ciclo VI<\/strong>, bajo la metodolog\u00eda programa para j\u00f3venes en extra edad y adultos, en la sede Sevilla\u00a0 de la Instituci\u00f3n Educativa Sevilla, Municipio de Sevilla, a\u00f1o escolar 2020 segundo semestre, de acuerdo a los dispuesto en la Resoluci\u00f3n No. 07797 de 2015 y la Circular Externa No. 539204 del 6 de agosto de 2020, expedida por la Secretaria de Educaci\u00f3n Departamental.<\/p>\n\n\n\n<div class=\"wp-block-file\"><a href=\"http:\/\/iesevilla.edu.co\/sitio\/wp-content\/uploads\/2020\/08\/RESOLUCION-RECTORAL-MATRICULA-VIGENCIA-2020-II.pdf\">RESOLUCION-RECTORAL-MATRICULA-VIGENCIA-2020-II<\/a><a href=\"http:\/\/iesevilla.edu.co\/sitio\/wp-content\/uploads\/2020\/08\/RESOLUCION-RECTORAL-MATRICULA-VIGENCIA-2020-II.pdf\" class=\"wp-block-file__button\" download>Descarga<\/a><\/div>\n\n\n\n<figure class=\"wp-block-image size-large\"><img loading=\"lazy\" decoding=\"async\" width=\"634\" height=\"1024\" src=\"http:\/\/iesevilla.edu.co\/sitio\/wp-content\/uploads\/2020\/08\/RESOLUCION-RECTORAL-MATRICULA-VIGENCIA-2020-II-634x1024.jpg\" alt=\"\" class=\"wp-image-2427\" srcset=\"http:\/\/iesevilla.edu.co\/sitio\/wp-content\/uploads\/2020\/08\/RESOLUCION-RECTORAL-MATRICULA-VIGENCIA-2020-II-634x1024.jpg 634w, http:\/\/iesevilla.edu.co\/sitio\/wp-content\/uploads\/2020\/08\/RESOLUCION-RECTORAL-MATRICULA-VIGENCIA-2020-II-186x300.jpg 186w, http:\/\/iesevilla.edu.co\/sitio\/wp-content\/uploads\/2020\/08\/RESOLUCION-RECTORAL-MATRICULA-VIGENCIA-2020-II-768x1240.jpg 768w, http:\/\/iesevilla.edu.co\/sitio\/wp-content\/uploads\/2020\/08\/RESOLUCION-RECTORAL-MATRICULA-VIGENCIA-2020-II-951x1536.jpg 951w, http:\/\/iesevilla.edu.co\/sitio\/wp-content\/uploads\/2020\/08\/RESOLUCION-RECTORAL-MATRICULA-VIGENCIA-2020-II-1268x2048.jpg 1268w, http:\/\/iesevilla.edu.co\/sitio\/wp-content\/uploads\/2020\/08\/RESOLUCION-RECTORAL-MATRICULA-VIGENCIA-2020-II-scaled.jpg 1585w\" sizes=\"auto, (max-width: 634px) 100vw, 634px\" \/><\/figure>\n","protected":false},"excerpt":{"rendered":"<p>Por medio de la cual se establecen directrices, criterios, procedimientos y cronograma para desarrollar el proceso de matr\u00edcula de estudiantes de grado Ciclo V que aprueban para el grado Ciclo VI, bajo la metodolog\u00eda programa para j\u00f3venes en extra edad y adultos, en la sede&nbsp;<a href=\"http:\/\/iesevilla.edu.co\/sitio\/resolucion-rectoral-n-080-033-61-19-del-12-de-agosto-de-2020\/\">&hellip;<\/a><\/p>\n","protected":false},"author":2,"featured_media":2430,"comment_status":"open","ping_status":"open","sticky":false,"template":"","format":"standard","meta":{"footnotes":""},"categories":[14,1,125,13],"tags":[],"class_list":["post-2425","post","type-post","status-publish","format-standard","has-post-thumbnail","hentry","category-academico","category-general","category-institucion","category-matriculas","odd"],"_links":{"self":[{"href":"http:\/\/iesevilla.edu.co\/sitio\/wp-json\/wp\/v2\/posts\/2425","targetHints":{"allow":["GET"]}}],"collection":[{"href":"http:\/\/iesevilla.edu.co\/sitio\/wp-json\/wp\/v2\/posts"}],"about":[{"href":"http:\/\/iesevilla.edu.co\/sitio\/wp-json\/wp\/v2\/types\/post"}],"author":[{"embeddable":true,"href":"http:\/\/iesevilla.edu.co\/sitio\/wp-json\/wp\/v2\/users\/2"}],"replies":[{"embeddable":true,"href":"http:\/\/iesevilla.edu.co\/sitio\/wp-json\/wp\/v2\/comments?post=2425"}],"version-history":[{"count":1,"href":"http:\/\/iesevilla.edu.co\/sitio\/wp-json\/wp\/v2\/posts\/2425\/revisions"}],"predecessor-version":[{"id":2431,"href":"http:\/\/iesevilla.edu.co\/sitio\/wp-json\/wp\/v2\/posts\/2425\/revisions\/2431"}],"wp:featuredmedia":[{"embeddable":true,"href":"http:\/\/iesevilla.edu.co\/sitio\/wp-json\/wp\/v2\/media\/2430"}],"wp:attachment":[{"href":"http:\/\/iesevilla.edu.co\/sitio\/wp-json\/wp\/v2\/media?parent=2425"}],"wp:term":[{"taxonomy":"category","embeddable":true,"href":"http:\/\/iesevilla.edu.co\/sitio\/wp-json\/wp\/v2\/categories?post=2425"},{"taxonomy":"post_tag","embeddable":true,"href":"http:\/\/iesevilla.edu.co\/sitio\/wp-json\/wp\/v2\/tags?post=2425"}],"curies":[{"name":"wp","href":"https:\/\/api.w.org\/{rel}","templated":true}]}}