{"id":2196,"date":"2019-01-09T08:22:56","date_gmt":"2019-01-09T13:22:56","guid":{"rendered":"http:\/\/iesevilla.edu.co\/sitio\/?p=2196"},"modified":"2019-11-13T23:48:37","modified_gmt":"2019-11-14T04:48:37","slug":"aviso-de-adjudicacion-licitacion-publica-n-03","status":"publish","type":"post","link":"http:\/\/iesevilla.edu.co\/sitio\/aviso-de-adjudicacion-licitacion-publica-n-03\/","title":{"rendered":"AVISO DE ADJUDICACI\u00d3N LICITACI\u00d3N P\u00daBLICA N\u00b0 03"},"content":{"rendered":"\n<p>EN RELACI\u00d3N A QUE  LA CONVOCATORIA DE LICITACI\u00d3N NUMERO 03 NO FUE APLICADA POR NING\u00daN INTERESADO, SE ELIGE C\u00d3MO \u00daNICO PROPONENTE A LA CASA FERRETERA CONSTRU SEVILLANA.<\/p>\n\n\n\n<p>PARA CONSTANCIA E INTER\u00c9S DE LA COMUNIDAD, SE ADJUNTA CIRCULAR FIRMADA POR EL RECTOR DE LA I. E. SEVILLA<\/p>\n\n\n\n<div class=\"wp-block-file\"><a href=\"http:\/\/iesevilla.edu.co\/sitio\/wp-content\/uploads\/2019\/11\/AVISO-ENERO-9-DE-2019.pdf\">AVISO-ENERO-9-DE-2019<\/a><a href=\"http:\/\/iesevilla.edu.co\/sitio\/wp-content\/uploads\/2019\/11\/AVISO-ENERO-9-DE-2019.pdf\" class=\"wp-block-file__button\" download>Descarga<\/a><\/div>\n","protected":false},"excerpt":{"rendered":"<p>EN RELACI\u00d3N A QUE LA CONVOCATORIA DE LICITACI\u00d3N NUMERO 03 NO FUE APLICADA POR NING\u00daN INTERESADO, SE ELIGE C\u00d3MO \u00daNICO PROPONENTE A LA CASA FERRETERA CONSTRU SEVILLANA. PARA CONSTANCIA E INTER\u00c9S DE LA COMUNIDAD, SE ADJUNTA CIRCULAR FIRMADA POR EL RECTOR DE LA I. E.&nbsp;<a href=\"http:\/\/iesevilla.edu.co\/sitio\/aviso-de-adjudicacion-licitacion-publica-n-03\/\">&hellip;<\/a><\/p>\n","protected":false},"author":2,"featured_media":0,"comment_status":"open","ping_status":"open","sticky":false,"template":"","format":"standard","meta":{"footnotes":""},"categories":[18,4],"tags":[],"class_list":["post-2196","post","type-post","status-publish","format-standard","hentry","category-circulares","category-contratacion","odd"],"_links":{"self":[{"href":"http:\/\/iesevilla.edu.co\/sitio\/wp-json\/wp\/v2\/posts\/2196","targetHints":{"allow":["GET"]}}],"collection":[{"href":"http:\/\/iesevilla.edu.co\/sitio\/wp-json\/wp\/v2\/posts"}],"about":[{"href":"http:\/\/iesevilla.edu.co\/sitio\/wp-json\/wp\/v2\/types\/post"}],"author":[{"embeddable":true,"href":"http:\/\/iesevilla.edu.co\/sitio\/wp-json\/wp\/v2\/users\/2"}],"replies":[{"embeddable":true,"href":"http:\/\/iesevilla.edu.co\/sitio\/wp-json\/wp\/v2\/comments?post=2196"}],"version-history":[{"count":1,"href":"http:\/\/iesevilla.edu.co\/sitio\/wp-json\/wp\/v2\/posts\/2196\/revisions"}],"predecessor-version":[{"id":2198,"href":"http:\/\/iesevilla.edu.co\/sitio\/wp-json\/wp\/v2\/posts\/2196\/revisions\/2198"}],"wp:attachment":[{"href":"http:\/\/iesevilla.edu.co\/sitio\/wp-json\/wp\/v2\/media?parent=2196"}],"wp:term":[{"taxonomy":"category","embeddable":true,"href":"http:\/\/iesevilla.edu.co\/sitio\/wp-json\/wp\/v2\/categories?post=2196"},{"taxonomy":"post_tag","embeddable":true,"href":"http:\/\/iesevilla.edu.co\/sitio\/wp-json\/wp\/v2\/tags?post=2196"}],"curies":[{"name":"wp","href":"https:\/\/api.w.org\/{rel}","templated":true}]}}